{"id":6346,"date":"2026-03-27T16:41:09","date_gmt":"2026-03-27T16:41:09","guid":{"rendered":"https:\/\/respiart.ca\/?p=6346"},"modified":"2026-03-27T17:14:13","modified_gmt":"2026-03-27T17:14:13","slug":"apnee-du-sommeil-et-obesite-comprendre-le-lien-et-trouver-un-traitement-efficace","status":"publish","type":"post","link":"https:\/\/respiart.ca\/fr\/sleep-apnea-and-obesity-understanding-the-connection-and-finding-effective-treatment\/","title":{"rendered":"Apn\u00e9e du sommeil et ob\u00e9sit\u00e9\u00a0: comprendre le lien et trouver un traitement efficace"},"content":{"rendered":"<p>L\u2019apn\u00e9e obstructive du sommeil (AOS) et l\u2019ob\u00e9sit\u00e9 entretiennent une relation bidirectionnelle bien document\u00e9e. Selon une \u00e9tude, <a href=\"https:\/\/pmc.ncbi.nlm.nih.gov\/articles\/PMC12051718\/\" target=\"_blank\" rel=\"noopener\">M\u00e9ta-analyse de 2025 publi\u00e9e dans eClinicalMedicine<\/a> Parmi les 12\u00a0860 adultes \u00e9tudi\u00e9s, 56,21\u00a0% souffraient d\u2019apn\u00e9e obstructive du sommeil (AOS) et 25,71\u00a0% \u00e9taient ob\u00e8ses\u00a0; parmi les personnes atteintes d\u2019AOS, 31,51\u00a0% \u00e9taient \u00e9galement ob\u00e8ses. Aux \u00c9tats-Unis seulement, on estime qu\u2019environ <strong>83,7 millions d&#039;adultes<\/strong> vivre avec l&#039;apn\u00e9e obstructive du sommeil, repr\u00e9sentant 32,41 % de la population adulte (<a href=\"https:\/\/pubmed.ncbi.nlm.nih.gov\/40957495\/\" target=\"_blank\" rel=\"noopener\">Revue du sommeil, 2024<\/a>).<\/p>\n<p>Il est essentiel pour toute personne touch\u00e9e par l&#039;une ou l&#039;autre de ces affections de comprendre comment le surpoids contribue aux troubles respiratoires du sommeil \u2014 et comment un traitement efficace peut rompre ce cercle vicieux.<\/p>\n<h2>Comment l&#039;ob\u00e9sit\u00e9 contribue \u00e0 l&#039;apn\u00e9e du sommeil<\/h2>\n<p>L&#039;exc\u00e8s de poids, notamment au niveau du cou, de la gorge et de l&#039;abdomen, augmente le risque d&#039;obstruction des voies respiratoires pendant le sommeil. Les d\u00e9p\u00f4ts de graisse dans les voies a\u00e9riennes sup\u00e9rieures r\u00e9tr\u00e9cissent le passage de la respiration, tandis que la graisse abdominale comprime les poumons et r\u00e9duit leur capacit\u00e9. Cette combinaison rend les voies respiratoires plus susceptibles de s&#039;affaisser lorsque les muscles se rel\u00e2chent pendant le sommeil.<\/p>\n<p>Recherches issues de <a href=\"https:\/\/jcsm.aasm.org\/doi\/10.5664\/jcsm.10190\" target=\"_blank\" rel=\"noopener\">Journal de m\u00e9decine clinique du sommeil<\/a> pr\u00e9sente une relation math\u00e9matique claire\u00a0: <strong>Pour chaque baisse d&#039;un point de l&#039;IMC, l&#039;indice d&#039;apn\u00e9e-hypopn\u00e9e (IAH) diminue d&#039;environ 6,2%<\/strong>. Concr\u00e8tement, perdre environ 3 kg peut se traduire par une r\u00e9duction de 71 % de la gravit\u00e9 de l&#039;apn\u00e9e du sommeil.<\/p>\n<h2>Le cercle vicieux : l&#039;apn\u00e9e du sommeil rend la perte de poids plus difficile<\/h2>\n<p>Cette relation est \u00e0 double tranchant. L&#039;apn\u00e9e du sommeil non trait\u00e9e perturbe les hormones qui r\u00e9gulent l&#039;app\u00e9tit\u00a0: elle augmente la ghr\u00e9line (l&#039;hormone de la faim) et diminue la leptine (l&#039;hormone de la sati\u00e9t\u00e9). Un sommeil de mauvaise qualit\u00e9 accro\u00eet \u00e9galement le taux de cortisol, favorise la r\u00e9sistance \u00e0 l&#039;insuline et r\u00e9duit l&#039;\u00e9nergie disponible pour l&#039;activit\u00e9 physique. Tous ces facteurs rendent le maintien d&#039;un poids sant\u00e9 beaucoup plus difficile.<\/p>\n<p>Une \u00e9tude marquante publi\u00e9e dans le <a href=\"https:\/\/www.nejm.org\/doi\/full\/10.1056\/NEJMoa1306187\" target=\"_blank\" rel=\"noopener\">Journal de m\u00e9decine de la Nouvelle-Angleterre<\/a> Il a \u00e9t\u00e9 constat\u00e9 que l&#039;association d&#039;un traitement par PPC \u00e0 un programme de perte de poids am\u00e9liorait la sensibilit\u00e9 \u00e0 l&#039;insuline et r\u00e9duisait les taux de triglyc\u00e9rides plus efficacement que chacune des interventions prises isol\u00e9ment.<\/p>\n<h2>IMC, IAH et gravit\u00e9 de l&#039;apn\u00e9e du sommeil\u00a0: statistiques cl\u00e9s<\/h2>\n<table style=\"width:100%; border-collapse:collapse; margin:20px 0;\">\n<thead>\n<tr style=\"background-color:#003366; color:#ffffff;\">\n<th style=\"padding:12px; border:1px solid #ddd; text-align:left;\">Cat\u00e9gorie d&#039;IMC<\/th>\n<th style=\"padding:12px; border:1px solid #ddd; text-align:left;\">\u00c9tat pond\u00e9ral<\/th>\n<th style=\"padding:12px; border:1px solid #ddd; text-align:left;\">Niveau de risque d&#039;apn\u00e9e obstructive du sommeil<\/th>\n<th style=\"padding:12px; border:1px solid #ddd; text-align:left;\">Impact typique de l&#039;IAH<\/th>\n<\/tr>\n<\/thead>\n<tbody>\n<tr>\n<td style=\"padding:10px; border:1px solid #ddd;\">18,5 \u2013 24,9<\/td>\n<td style=\"padding:10px; border:1px solid #ddd;\">Poids normal<\/td>\n<td style=\"padding:10px; border:1px solid #ddd;\">Faible \u00e0 mod\u00e9r\u00e9<\/td>\n<td style=\"padding:10px; border:1px solid #ddd;\">23,51 % des patients atteints d&#039;apn\u00e9e obstructive du sommeil se situent dans cette fourchette.<\/td>\n<\/tr>\n<tr style=\"background-color:#f9f9f9;\">\n<td style=\"padding:10px; border:1px solid #ddd;\">25,0 \u2013 29,9<\/td>\n<td style=\"padding:10px; border:1px solid #ddd;\">Embonpoint<\/td>\n<td style=\"padding:10px; border:1px solid #ddd;\">Mod\u00e9r\u00e9 \u00e0 \u00e9lev\u00e9<\/td>\n<td style=\"padding:10px; border:1px solid #ddd;\">44,41 % des patients atteints d&#039;apn\u00e9e obstructive du sommeil sont en surpoids.<\/td>\n<\/tr>\n<tr>\n<td style=\"padding:10px; border:1px solid #ddd;\">30,0 \u2013 34,9<\/td>\n<td style=\"padding:10px; border:1px solid #ddd;\">Ob\u00e8se (Classe I)<\/td>\n<td style=\"padding:10px; border:1px solid #ddd;\">Haut<\/td>\n<td style=\"padding:10px; border:1px solid #ddd;\">Augmentation significative de l&#039;IAH\u00a0; chaque point d&#039;IMC ajoute environ 6,21\u00a0TP3T \u00e0 l&#039;IAH.<\/td>\n<\/tr>\n<tr style=\"background-color:#f9f9f9;\">\n<td style=\"padding:10px; border:1px solid #ddd;\">35.0+<\/td>\n<td style=\"padding:10px; border:1px solid #ddd;\">Ob\u00e8ses (classe II-III)<\/td>\n<td style=\"padding:10px; border:1px solid #ddd;\">Tr\u00e8s haut<\/td>\n<td style=\"padding:10px; border:1px solid #ddd;\">L&#039;impact de l&#039;IAH se stabilise\u00a0; l&#039;\u00e2ge et le sexe deviennent des facteurs pr\u00e9dictifs plus importants<\/td>\n<\/tr>\n<\/tbody>\n<\/table>\n<p><em>Sources : <a href=\"https:\/\/pmc.ncbi.nlm.nih.gov\/articles\/PMC11128192\/\" target=\"_blank\" rel=\"noopener\">Publications PMC\/Spandidos, 2024<\/a>; <a href=\"https:\/\/pmc.ncbi.nlm.nih.gov\/articles\/PMC12051718\/\" target=\"_blank\" rel=\"noopener\">M\u00e9ta-analyse d&#039;eClinicalMedicine, 2025<\/a><\/em><\/p>\n<h2>Comment le traitement par PPC contribue \u00e0 briser le cycle<\/h2>\n<p>La ventilation en pression positive continue (PPC) est le traitement de premi\u00e8re intention de l&#039;apn\u00e9e obstructive du sommeil mod\u00e9r\u00e9e \u00e0 s\u00e9v\u00e8re. En maintenant les voies respiratoires ouvertes gr\u00e2ce \u00e0 un flux d&#039;air constant et contr\u00f4l\u00e9, les appareils de PPC \u00e9liminent les \u00e9pisodes d&#039;apn\u00e9e, r\u00e9tablissent un taux d&#039;oxyg\u00e8ne normal et am\u00e9liorent consid\u00e9rablement la qualit\u00e9 du sommeil.<\/p>\n<p>Pour les patients souffrant \u00e0 la fois d&#039;ob\u00e9sit\u00e9 et d&#039;apn\u00e9e obstructive du sommeil, le traitement par PPC (pression positive continue) offre des avantages essentiels\u00a0:<\/p>\n<ul>\n<li><strong>Meilleure r\u00e9gulation hormonale<\/strong> \u2014 un sommeil r\u00e9tabli normalise les hormones r\u00e9gulatrices de l&#039;app\u00e9tit<\/li>\n<li><strong>Am\u00e9lioration des niveaux d&#039;\u00e9nergie<\/strong> \u2014 un sommeil de qualit\u00e9 alimente la motivation et l&#039;endurance n\u00e9cessaires \u00e0 l&#039;activit\u00e9 physique<\/li>\n<li><strong>r\u00e9duction du risque cardiovasculaire<\/strong> \u2014 le traitement de l&#039;apn\u00e9e obstructive du sommeil fait baisser la tension art\u00e9rielle et r\u00e9duit la charge de travail du c\u0153ur.<\/li>\n<li><strong>Am\u00e9lioration des r\u00e9sultats en mati\u00e8re de perte de poids<\/strong> - un <a href=\"https:\/\/medicine.uams.edu\/internal-medicine\/study-cpap-aids-weight-loss-in-obese-patients-with-obstructive-sleep-apnea\/\" target=\"_blank\" rel=\"noopener\">\u00e9tude de l&#039;UAMS<\/a> Il a \u00e9t\u00e9 constat\u00e9 que le recours \u00e0 la PPC (pression positive continue) pendant une restriction calorique alimentaire entra\u00eenait une perte de poids plus importante qu&#039;un r\u00e9gime seul.<\/li>\n<\/ul>\n<h2>Choisir le bon appareil CPAP<\/h2>\n<p>Chez RespiArt, nous proposons une s\u00e9lection de produits fiables et cliniquement prouv\u00e9s. <a href=\"https:\/\/respiart.ca\/fr\/categorie-produit\/cpap-bipap-machines\/\">Appareils CPAP et BiPAP<\/a> con\u00e7u pour r\u00e9pondre \u00e0 diff\u00e9rents besoins et pr\u00e9f\u00e9rences de confort\u00a0:<\/p>\n<ul>\n<li><strong><a href=\"https:\/\/respiart.ca\/fr\/magasin\/dreamstation-2-auto-cpap-avance\/\">DreamStation 2 Auto CPAP Avanc\u00e9<\/a><\/strong> \u2014 est dot\u00e9 d&#039;un humidificateur int\u00e9gr\u00e9, de r\u00e9glages de confort avanc\u00e9s et d&#039;un ajustement automatique de la pression pour une exp\u00e9rience th\u00e9rapeutique personnalis\u00e9e<\/li>\n<li><strong><a href=\"https:\/\/respiart.ca\/fr\/magasin\/lowenstein-cpap-apap-prisma-intelligent-2\/\">L\u00f6wenstein Prisma SMART<\/a><\/strong> \u2014 propose des modes de pression classique ou dynamique s\u00e9lectionnables, un filtre \u00e0 pollen int\u00e9gr\u00e9 et est compatible avec l&#039;humidificateur prismaAQUA.<\/li>\n<li><strong><a href=\"https:\/\/respiart.ca\/fr\/magasin\/resmed-aircurve-11-asv-avec-tuyau-climate-line-humidair-11\/\">ResMed AirCurve 11 ASV<\/a><\/strong> \u2014 combine une technologie de th\u00e9rapie adaptative pour les patients pr\u00e9sentant des sch\u00e9mas d&#039;apn\u00e9e complexes<\/li>\n<\/ul>\n<p>Un masque bien ajust\u00e9 est tout aussi important pour un traitement efficace. D\u00e9couvrez notre gamme de <a href=\"https:\/\/respiart.ca\/fr\/magasin-cpap\/\">Masques CPAP<\/a> \u2014 y compris les options nasales, d&#039;oreiller et faciales compl\u00e8tes \u2014 pour trouver celle qui convient le mieux \u00e0 votre position de sommeil.<\/p>\n<h2>Oxyg\u00e8ne d&#039;appoint pour l&#039;assistance respiratoire<\/h2>\n<p>Certains patients souffrant de troubles respiratoires li\u00e9s \u00e0 l&#039;ob\u00e9sit\u00e9 peuvent \u00e9galement b\u00e9n\u00e9ficier d&#039;une oxyg\u00e9noth\u00e9rapie. Les concentrateurs d&#039;oxyg\u00e8ne portables et fixes fournissent un apport d&#039;oxyg\u00e8ne fiable afin d&#039;am\u00e9liorer la saturation en oxyg\u00e8ne et la qualit\u00e9 de vie au quotidien.<\/p>\n<ul>\n<li><strong><a href=\"https:\/\/respiart.ca\/fr\/magasin\/inogen-one-g5-concentrateur-d-oxygene-portable-inogen-2\/\">Inogen One G5<\/a><\/strong> \u2014 le concentrateur portable compact le plus puissant, ne pesant que 2,6 kg et offrant 6 r\u00e9glages de d\u00e9bit<\/li>\n<li><strong><a href=\"https:\/\/respiart.ca\/fr\/magasin\/concentrateur-d-oxygene-inogen-at-home\/\">Inogen \u00e0 la maison<\/a><\/strong> \u2014 un concentrateur stationnaire fiable pour l&#039;oxyg\u00e9noth\u00e9rapie continue \u00e0 domicile<\/li>\n<\/ul>\n<h2>Solutions adapt\u00e9es aux voyages<\/h2>\n<p>Il est essentiel de poursuivre votre th\u00e9rapie pendant vos voyages. <a href=\"https:\/\/respiart.ca\/fr\/magasin\/\">Batterie de secours Zopec Explore 5500<\/a> garantit que votre appareil CPAP reste aliment\u00e9 pendant les vols, les s\u00e9jours en camping ou les pannes de courant, ce qui fait des interruptions de traitement une chose du pass\u00e9.<\/p>\n<h2>Se faire d\u00e9pister : la premi\u00e8re \u00e9tape<\/h2>\n<p>Si vous pensez souffrir d&#039;apn\u00e9e du sommeil, surtout si vous \u00eates en surpoids et pr\u00e9sentez des sympt\u00f4mes comme des ronflements bruyants, de la fatigue diurne ou des maux de t\u00eate matinaux, il est essentiel d&#039;obtenir un diagnostic pr\u00e9cis. RespiArt propose <a href=\"https:\/\/respiart.ca\/fr\/test-de-la-fonction-pulmonaire\/\">tests de spirom\u00e9trie<\/a> et des \u00e9tudes du sommeil \u00e0 domicile pour \u00e9valuer pr\u00e9cis\u00e9ment votre \u00e9tat et orienter le plan de traitement le plus appropri\u00e9.<\/p>\n<h2>Acc\u00e8s abordable aux soins<\/h2>\n<p>Chez RespiArt, nous pensons que les difficult\u00e9s financi\u00e8res ne devraient jamais \u00eatre un obstacle \u00e0 l&#039;acc\u00e8s \u00e0 des soins respiratoires efficaces. Nous proposons\u00a0:<\/p>\n<ul>\n<li><strong>Location d&#039;un appareil CPAP<\/strong> \u2014 \u00e0 partir de $80\/mois, id\u00e9al pour tester le traitement ou r\u00e9pondre \u00e0 des besoins \u00e0 court terme<\/li>\n<li><strong>Financement<\/strong> \u2014 $80\/mois pendant 25 mois, vous permettant de devenir propri\u00e9taire de votre appareil sans frais initiaux importants.<\/li>\n<li><strong>assistance en assurance<\/strong> \u2014 notre \u00e9quipe travaille avec vous pour optimiser votre couverture<\/li>\n<\/ul>\n<p>Que vous soyez \u00e0 <a href=\"https:\/\/respiart.ca\/fr\/west-island\/\">Montr\u00e9al-Ouest-de-l&#039;\u00cele<\/a>, <a href=\"https:\/\/respiart.ca\/fr\/east-island\/\">\u00cele de l&#039;Est<\/a>, Que ce soit \u00e0 Brossard ou au centre-ville de Montr\u00e9al, nos sp\u00e9cialistes des voies respiratoires sont disponibles pour vous aider. <a href=\"https:\/\/respiart.ca\/fr\/contact\/\">Contactez-nous d\u00e8s aujourd&#039;hui<\/a> pour discuter de vos options.<\/p>\n<h2>Foire aux questions<\/h2>\n<h3>La perte de poids peut-elle gu\u00e9rir l&#039;apn\u00e9e du sommeil\u00a0?<\/h3>\n<p>La perte de poids peut r\u00e9duire consid\u00e9rablement la gravit\u00e9 de l&#039;apn\u00e9e obstructive du sommeil \u2014 des recherches montrent que <strong>Une perte de poids (10%) pr\u00e9dit une diminution de l&#039;IAH (26%).<\/strong> (<a href=\"https:\/\/pmc.ncbi.nlm.nih.gov\/articles\/PMC11330732\/\" target=\"_blank\" rel=\"noopener\">PMC, 2024<\/a>Dans les cas b\u00e9nins, une perte de poids peut suffire \u00e0 r\u00e9soudre le probl\u00e8me. Cependant, l&#039;apn\u00e9e du sommeil mod\u00e9r\u00e9e \u00e0 s\u00e9v\u00e8re n\u00e9cessite g\u00e9n\u00e9ralement un traitement continu par PPC (pression positive continue) associ\u00e9 \u00e0 des modifications du mode de vie pour un r\u00e9sultat optimal.<\/p>\n<h3>La th\u00e9rapie CPAP aide-t-elle \u00e0 perdre du poids\u00a0?<\/h3>\n<p>La PPC (pression positive continue) ne provoque pas directement de perte de poids, mais elle cr\u00e9e les conditions qui la facilitent grandement. En r\u00e9tablissant un sommeil de qualit\u00e9, la PPC normalise les hormones de l&#039;app\u00e9tit, am\u00e9liore l&#039;\u00e9nergie et r\u00e9duit la r\u00e9sistance \u00e0 l&#039;insuline. Des \u00e9tudes montrent que les patients utilisant la PPC tout en suivant un r\u00e9gime hypocalorique ont tendance \u00e0 perdre plus de poids que ceux qui suivent un r\u00e9gime seul.<\/p>\n<h3>Quel niveau d&#039;IMC augmente le risque d&#039;apn\u00e9e du sommeil\u00a0?<\/h3>\n<p>Le risque d&#039;apn\u00e9e obstructive du sommeil (AOS) augmente progressivement avec l&#039;IMC. Cependant, 23,5 % des patients atteints d&#039;AOS ont un IMC normal\u00a0; l&#039;apn\u00e9e du sommeil peut donc toucher n&#039;importe qui, quel que soit son poids. Parmi les autres facteurs, on retrouve le tour de cou, l&#039;\u00e2ge, le sexe et les caract\u00e9ristiques anatomiques des voies respiratoires.<\/p>\n<h3>En combien de temps puis-je constater des r\u00e9sultats avec un traitement par PPC\u00a0?<\/h3>\n<p>De nombreux patients constatent une am\u00e9lioration de la qualit\u00e9 de leur sommeil, de leur vigilance diurne et de leur niveau d&#039;\u00e9nergie d\u00e8s les premi\u00e8res nuits d&#039;utilisation r\u00e9guli\u00e8re d&#039;un appareil CPAP. Les bienfaits cardiovasculaires et m\u00e9taboliques \u00e0 long terme continuent de se d\u00e9velopper au fil des semaines et des mois de traitement r\u00e9gulier.<\/p>\n<h3>La PPC est-elle la seule option de traitement pour les patients ob\u00e8ses souffrant d&#039;apn\u00e9e du sommeil\u00a0?<\/h3>\n<p>La PPC est le traitement de r\u00e9f\u00e9rence, mais une approche globale peut \u00e9galement inclure la gestion du poids, la th\u00e9rapie positionnelle et, dans certains cas, une intervention chirurgicale. Chez RespiArt, notre <a href=\"https:\/\/respiart.ca\/fr\/test-de-la-fonction-pulmonaire\/\">sp\u00e9cialistes respiratoires<\/a> nous aider \u00e0 concevoir un plan de traitement personnalis\u00e9 en fonction de votre diagnostic et de votre mode de vie.<\/p>","protected":false},"excerpt":{"rendered":"<p>L\u2019apn\u00e9e obstructive du sommeil (AOS) et l\u2019ob\u00e9sit\u00e9 entretiennent une relation bidirectionnelle bien document\u00e9e. Selon une m\u00e9ta-analyse de 2025 publi\u00e9e dans eClinicalMedicine et portant sur 12\u00a0860 adultes, 56,21\u00a0% des participants souffraient d\u2019AOS et 25,71\u00a0% \u00e9taient ob\u00e8ses\u00a0; parmi les personnes atteintes d\u2019AOS, 31,51\u00a0% \u00e9taient \u00e9galement ob\u00e8ses. Aux \u00c9tats-Unis seulement, on estime \u00e0 83,7 millions le nombre d\u2019adultes vivant avec une AOS.<\/p>","protected":false},"author":1,"featured_media":4404,"comment_status":"open","ping_status":"open","sticky":false,"template":"","format":"standard","meta":{"footnotes":""},"categories":[104,105],"tags":[],"class_list":["post-6346","post","type-post","status-publish","format-standard","has-post-thumbnail","hentry","category-cpap-therapy","category-sleep-anea"],"yoast_head":"<!-- This site is optimized with the Yoast SEO plugin v27.5 - https:\/\/yoast.com\/product\/yoast-seo-wordpress\/ -->\n<title>Sleep Apnea and Obesity: Understanding the Connection and Finding Effective Treatment | Respiart - Respiratory therapist Montreal<\/title>\n<meta name=\"description\" content=\"Obstructive sleep apnea (OSA) and obesity share a well-documented, bidirectional relationship. According to a 2025 meta-analysis published in\" \/>\n<meta name=\"robots\" content=\"index, follow, max-snippet:-1, max-image-preview:large, max-video-preview:-1\" \/>\n<link rel=\"canonical\" href=\"https:\/\/respiart.ca\/fr\/apnee-du-sommeil-et-obesite-comprendre-le-lien-et-trouver-un-traitement-efficace\/\" \/>\n<meta property=\"og:locale\" content=\"fr_CA\" \/>\n<meta property=\"og:type\" content=\"article\" \/>\n<meta property=\"og:title\" content=\"Sleep Apnea and Obesity: Understanding the Connection and Finding Effective Treatment | Respiart - Respiratory therapist Montreal\" \/>\n<meta property=\"og:description\" content=\"Obstructive sleep apnea (OSA) and obesity share a well-documented, bidirectional relationship. According to a 2025 meta-analysis published in\" \/>\n<meta property=\"og:url\" content=\"https:\/\/respiart.ca\/fr\/apnee-du-sommeil-et-obesite-comprendre-le-lien-et-trouver-un-traitement-efficace\/\" \/>\n<meta property=\"og:site_name\" content=\"Respiart - Respiratory therapist Montreal\" \/>\n<meta property=\"article:published_time\" content=\"2026-03-27T16:41:09+00:00\" \/>\n<meta property=\"article:modified_time\" content=\"2026-03-27T17:14:13+00:00\" \/>\n<meta property=\"og:image\" content=\"https:\/\/respiart.ca\/wp-content\/uploads\/2023\/02\/middle-age-asian-man-sleeping-his-bed-wearing-cpap-mask-people-with-sleep-apnea.jpg\" \/>\n\t<meta property=\"og:image:width\" content=\"1920\" \/>\n\t<meta property=\"og:image:height\" content=\"1080\" \/>\n\t<meta property=\"og:image:type\" content=\"image\/jpeg\" \/>\n<meta name=\"author\" content=\"RespiArt\" \/>\n<meta name=\"twitter:card\" content=\"summary_large_image\" \/>\n<meta name=\"twitter:label1\" content=\"\u00c9crit par\" \/>\n\t<meta name=\"twitter:data1\" content=\"RespiArt\" \/>\n\t<meta name=\"twitter:label2\" content=\"Estimation du temps de lecture\" \/>\n\t<meta name=\"twitter:data2\" content=\"6 minutes\" \/>\n<script type=\"application\/ld+json\" class=\"yoast-schema-graph\">{\"@context\":\"https:\\\/\\\/schema.org\",\"@graph\":[{\"@type\":\"Article\",\"@id\":\"https:\\\/\\\/respiart.ca\\\/sleep-apnea-and-obesity-understanding-the-connection-and-finding-effective-treatment\\\/#article\",\"isPartOf\":{\"@id\":\"https:\\\/\\\/respiart.ca\\\/sleep-apnea-and-obesity-understanding-the-connection-and-finding-effective-treatment\\\/\"},\"author\":{\"name\":\"RespiArt\",\"@id\":\"https:\\\/\\\/respiart.ca\\\/ar\\\/#\\\/schema\\\/person\\\/2671f4962b6925d283f5a03f490e5f11\"},\"headline\":\"Sleep Apnea and Obesity: Understanding the Connection and Finding Effective Treatment\",\"datePublished\":\"2026-03-27T16:41:09+00:00\",\"dateModified\":\"2026-03-27T17:14:13+00:00\",\"mainEntityOfPage\":{\"@id\":\"https:\\\/\\\/respiart.ca\\\/sleep-apnea-and-obesity-understanding-the-connection-and-finding-effective-treatment\\\/\"},\"wordCount\":1086,\"commentCount\":0,\"publisher\":{\"@id\":\"https:\\\/\\\/respiart.ca\\\/ar\\\/#organization\"},\"image\":{\"@id\":\"https:\\\/\\\/respiart.ca\\\/sleep-apnea-and-obesity-understanding-the-connection-and-finding-effective-treatment\\\/#primaryimage\"},\"thumbnailUrl\":\"https:\\\/\\\/respiart.ca\\\/wp-content\\\/uploads\\\/2023\\\/02\\\/middle-age-asian-man-sleeping-his-bed-wearing-cpap-mask-people-with-sleep-apnea.jpg\",\"articleSection\":[\"CPAP therapy\",\"sleep anea\"],\"inLanguage\":\"fr-CA\",\"potentialAction\":[{\"@type\":\"CommentAction\",\"name\":\"Comment\",\"target\":[\"https:\\\/\\\/respiart.ca\\\/sleep-apnea-and-obesity-understanding-the-connection-and-finding-effective-treatment\\\/#respond\"]}]},{\"@type\":\"WebPage\",\"@id\":\"https:\\\/\\\/respiart.ca\\\/sleep-apnea-and-obesity-understanding-the-connection-and-finding-effective-treatment\\\/\",\"url\":\"https:\\\/\\\/respiart.ca\\\/sleep-apnea-and-obesity-understanding-the-connection-and-finding-effective-treatment\\\/\",\"name\":\"Sleep Apnea and Obesity: Understanding the Connection and Finding Effective Treatment | Respiart - Respiratory therapist Montreal\",\"isPartOf\":{\"@id\":\"https:\\\/\\\/respiart.ca\\\/ar\\\/#website\"},\"primaryImageOfPage\":{\"@id\":\"https:\\\/\\\/respiart.ca\\\/sleep-apnea-and-obesity-understanding-the-connection-and-finding-effective-treatment\\\/#primaryimage\"},\"image\":{\"@id\":\"https:\\\/\\\/respiart.ca\\\/sleep-apnea-and-obesity-understanding-the-connection-and-finding-effective-treatment\\\/#primaryimage\"},\"thumbnailUrl\":\"https:\\\/\\\/respiart.ca\\\/wp-content\\\/uploads\\\/2023\\\/02\\\/middle-age-asian-man-sleeping-his-bed-wearing-cpap-mask-people-with-sleep-apnea.jpg\",\"datePublished\":\"2026-03-27T16:41:09+00:00\",\"dateModified\":\"2026-03-27T17:14:13+00:00\",\"description\":\"Obstructive sleep apnea (OSA) and obesity share a well-documented, bidirectional relationship. According to a 2025 meta-analysis published in\",\"breadcrumb\":{\"@id\":\"https:\\\/\\\/respiart.ca\\\/sleep-apnea-and-obesity-understanding-the-connection-and-finding-effective-treatment\\\/#breadcrumb\"},\"inLanguage\":\"fr-CA\",\"potentialAction\":[{\"@type\":\"ReadAction\",\"target\":[\"https:\\\/\\\/respiart.ca\\\/sleep-apnea-and-obesity-understanding-the-connection-and-finding-effective-treatment\\\/\"]}]},{\"@type\":\"ImageObject\",\"inLanguage\":\"fr-CA\",\"@id\":\"https:\\\/\\\/respiart.ca\\\/sleep-apnea-and-obesity-understanding-the-connection-and-finding-effective-treatment\\\/#primaryimage\",\"url\":\"https:\\\/\\\/respiart.ca\\\/wp-content\\\/uploads\\\/2023\\\/02\\\/middle-age-asian-man-sleeping-his-bed-wearing-cpap-mask-people-with-sleep-apnea.jpg\",\"contentUrl\":\"https:\\\/\\\/respiart.ca\\\/wp-content\\\/uploads\\\/2023\\\/02\\\/middle-age-asian-man-sleeping-his-bed-wearing-cpap-mask-people-with-sleep-apnea.jpg\",\"width\":1920,\"height\":1080,\"caption\":\"respire difficilement avec mon cpap\"},{\"@type\":\"BreadcrumbList\",\"@id\":\"https:\\\/\\\/respiart.ca\\\/sleep-apnea-and-obesity-understanding-the-connection-and-finding-effective-treatment\\\/#breadcrumb\",\"itemListElement\":[{\"@type\":\"ListItem\",\"position\":1,\"name\":\"Home\",\"item\":\"https:\\\/\\\/respiart.ca\\\/\"},{\"@type\":\"ListItem\",\"position\":2,\"name\":\"Sleep Apnea and Obesity: Understanding the Connection and Finding Effective Treatment\"}]},{\"@type\":\"WebSite\",\"@id\":\"https:\\\/\\\/respiart.ca\\\/ar\\\/#website\",\"url\":\"https:\\\/\\\/respiart.ca\\\/ar\\\/\",\"name\":\"RespiArt - Sleep apnea & CPAPs\",\"description\":\"CPAPs and tests for sleep apnea, asthma, oximetry\",\"publisher\":{\"@id\":\"https:\\\/\\\/respiart.ca\\\/ar\\\/#organization\"},\"potentialAction\":[{\"@type\":\"SearchAction\",\"target\":{\"@type\":\"EntryPoint\",\"urlTemplate\":\"https:\\\/\\\/respiart.ca\\\/ar\\\/?s={search_term_string}\"},\"query-input\":{\"@type\":\"PropertyValueSpecification\",\"valueRequired\":true,\"valueName\":\"search_term_string\"}}],\"inLanguage\":\"fr-CA\"},{\"@type\":\"Organization\",\"@id\":\"https:\\\/\\\/respiart.ca\\\/ar\\\/#organization\",\"name\":\"RespiArt - Sleep apnea & CPAPs\",\"url\":\"https:\\\/\\\/respiart.ca\\\/ar\\\/\",\"logo\":{\"@type\":\"ImageObject\",\"inLanguage\":\"fr-CA\",\"@id\":\"https:\\\/\\\/respiart.ca\\\/ar\\\/#\\\/schema\\\/logo\\\/image\\\/\",\"url\":\"https:\\\/\\\/respiart.ca\\\/wp-content\\\/uploads\\\/2022\\\/05\\\/Respiart-logo-1-e1651540192142.png\",\"contentUrl\":\"https:\\\/\\\/respiart.ca\\\/wp-content\\\/uploads\\\/2022\\\/05\\\/Respiart-logo-1-e1651540192142.png\",\"width\":237,\"height\":61,\"caption\":\"RespiArt - Sleep apnea & CPAPs\"},\"image\":{\"@id\":\"https:\\\/\\\/respiart.ca\\\/ar\\\/#\\\/schema\\\/logo\\\/image\\\/\"}},{\"@type\":\"Person\",\"@id\":\"https:\\\/\\\/respiart.ca\\\/ar\\\/#\\\/schema\\\/person\\\/2671f4962b6925d283f5a03f490e5f11\",\"name\":\"RespiArt\",\"image\":{\"@type\":\"ImageObject\",\"inLanguage\":\"fr-CA\",\"@id\":\"https:\\\/\\\/secure.gravatar.com\\\/avatar\\\/057228a1ad8018d1e8c9b9d9f79bb696bd2483d7336e3181368f31e3588d9653?s=96&d=mm&r=g\",\"url\":\"https:\\\/\\\/secure.gravatar.com\\\/avatar\\\/057228a1ad8018d1e8c9b9d9f79bb696bd2483d7336e3181368f31e3588d9653?s=96&d=mm&r=g\",\"contentUrl\":\"https:\\\/\\\/secure.gravatar.com\\\/avatar\\\/057228a1ad8018d1e8c9b9d9f79bb696bd2483d7336e3181368f31e3588d9653?s=96&d=mm&r=g\",\"caption\":\"RespiArt\"},\"sameAs\":[\"http:\\\/\\\/respiart.ca\"],\"url\":\"https:\\\/\\\/respiart.ca\\\/fr\\\/author\\\/jean2020\\\/\"}]}<\/script>\n<!-- \/ Yoast SEO plugin. -->","yoast_head_json":{"title":"Apn\u00e9e du sommeil et ob\u00e9sit\u00e9\u00a0: comprendre le lien et trouver un traitement efficace | Respiart - Th\u00e9rapeute respiratoire Montr\u00e9al","description":"L\u2019apn\u00e9e obstructive du sommeil (AOS) et l\u2019ob\u00e9sit\u00e9 entretiennent une relation bidirectionnelle bien document\u00e9e. Selon une m\u00e9ta-analyse de 2025 publi\u00e9e dans","robots":{"index":"index","follow":"follow","max-snippet":"max-snippet:-1","max-image-preview":"max-image-preview:large","max-video-preview":"max-video-preview:-1"},"canonical":"https:\/\/respiart.ca\/fr\/apnee-du-sommeil-et-obesite-comprendre-le-lien-et-trouver-un-traitement-efficace\/","og_locale":"fr_CA","og_type":"article","og_title":"Sleep Apnea and Obesity: Understanding the Connection and Finding Effective Treatment | Respiart - Respiratory therapist Montreal","og_description":"Obstructive sleep apnea (OSA) and obesity share a well-documented, bidirectional relationship. According to a 2025 meta-analysis published in","og_url":"https:\/\/respiart.ca\/fr\/apnee-du-sommeil-et-obesite-comprendre-le-lien-et-trouver-un-traitement-efficace\/","og_site_name":"Respiart - Respiratory therapist Montreal","article_published_time":"2026-03-27T16:41:09+00:00","article_modified_time":"2026-03-27T17:14:13+00:00","og_image":[{"width":1920,"height":1080,"url":"https:\/\/respiart.ca\/wp-content\/uploads\/2023\/02\/middle-age-asian-man-sleeping-his-bed-wearing-cpap-mask-people-with-sleep-apnea.jpg","type":"image\/jpeg"}],"author":"RespiArt","twitter_card":"summary_large_image","twitter_misc":{"\u00c9crit par":"RespiArt","Estimation du temps de lecture":"6 minutes"},"schema":{"@context":"https:\/\/schema.org","@graph":[{"@type":"Article","@id":"https:\/\/respiart.ca\/sleep-apnea-and-obesity-understanding-the-connection-and-finding-effective-treatment\/#article","isPartOf":{"@id":"https:\/\/respiart.ca\/sleep-apnea-and-obesity-understanding-the-connection-and-finding-effective-treatment\/"},"author":{"name":"RespiArt","@id":"https:\/\/respiart.ca\/ar\/#\/schema\/person\/2671f4962b6925d283f5a03f490e5f11"},"headline":"Sleep Apnea and Obesity: Understanding the Connection and Finding Effective Treatment","datePublished":"2026-03-27T16:41:09+00:00","dateModified":"2026-03-27T17:14:13+00:00","mainEntityOfPage":{"@id":"https:\/\/respiart.ca\/sleep-apnea-and-obesity-understanding-the-connection-and-finding-effective-treatment\/"},"wordCount":1086,"commentCount":0,"publisher":{"@id":"https:\/\/respiart.ca\/ar\/#organization"},"image":{"@id":"https:\/\/respiart.ca\/sleep-apnea-and-obesity-understanding-the-connection-and-finding-effective-treatment\/#primaryimage"},"thumbnailUrl":"https:\/\/respiart.ca\/wp-content\/uploads\/2023\/02\/middle-age-asian-man-sleeping-his-bed-wearing-cpap-mask-people-with-sleep-apnea.jpg","articleSection":["CPAP therapy","sleep anea"],"inLanguage":"fr-CA","potentialAction":[{"@type":"CommentAction","name":"Comment","target":["https:\/\/respiart.ca\/sleep-apnea-and-obesity-understanding-the-connection-and-finding-effective-treatment\/#respond"]}]},{"@type":"WebPage","@id":"https:\/\/respiart.ca\/sleep-apnea-and-obesity-understanding-the-connection-and-finding-effective-treatment\/","url":"https:\/\/respiart.ca\/sleep-apnea-and-obesity-understanding-the-connection-and-finding-effective-treatment\/","name":"Apn\u00e9e du sommeil et ob\u00e9sit\u00e9\u00a0: comprendre le lien et trouver un traitement efficace | Respiart - Th\u00e9rapeute respiratoire Montr\u00e9al","isPartOf":{"@id":"https:\/\/respiart.ca\/ar\/#website"},"primaryImageOfPage":{"@id":"https:\/\/respiart.ca\/sleep-apnea-and-obesity-understanding-the-connection-and-finding-effective-treatment\/#primaryimage"},"image":{"@id":"https:\/\/respiart.ca\/sleep-apnea-and-obesity-understanding-the-connection-and-finding-effective-treatment\/#primaryimage"},"thumbnailUrl":"https:\/\/respiart.ca\/wp-content\/uploads\/2023\/02\/middle-age-asian-man-sleeping-his-bed-wearing-cpap-mask-people-with-sleep-apnea.jpg","datePublished":"2026-03-27T16:41:09+00:00","dateModified":"2026-03-27T17:14:13+00:00","description":"L\u2019apn\u00e9e obstructive du sommeil (AOS) et l\u2019ob\u00e9sit\u00e9 entretiennent une relation bidirectionnelle bien document\u00e9e. Selon une m\u00e9ta-analyse de 2025 publi\u00e9e dans","breadcrumb":{"@id":"https:\/\/respiart.ca\/sleep-apnea-and-obesity-understanding-the-connection-and-finding-effective-treatment\/#breadcrumb"},"inLanguage":"fr-CA","potentialAction":[{"@type":"ReadAction","target":["https:\/\/respiart.ca\/sleep-apnea-and-obesity-understanding-the-connection-and-finding-effective-treatment\/"]}]},{"@type":"ImageObject","inLanguage":"fr-CA","@id":"https:\/\/respiart.ca\/sleep-apnea-and-obesity-understanding-the-connection-and-finding-effective-treatment\/#primaryimage","url":"https:\/\/respiart.ca\/wp-content\/uploads\/2023\/02\/middle-age-asian-man-sleeping-his-bed-wearing-cpap-mask-people-with-sleep-apnea.jpg","contentUrl":"https:\/\/respiart.ca\/wp-content\/uploads\/2023\/02\/middle-age-asian-man-sleeping-his-bed-wearing-cpap-mask-people-with-sleep-apnea.jpg","width":1920,"height":1080,"caption":"respire difficilement avec mon cpap"},{"@type":"BreadcrumbList","@id":"https:\/\/respiart.ca\/sleep-apnea-and-obesity-understanding-the-connection-and-finding-effective-treatment\/#breadcrumb","itemListElement":[{"@type":"ListItem","position":1,"name":"Home","item":"https:\/\/respiart.ca\/"},{"@type":"ListItem","position":2,"name":"Sleep Apnea and Obesity: Understanding the Connection and Finding Effective Treatment"}]},{"@type":"WebSite","@id":"https:\/\/respiart.ca\/ar\/#website","url":"https:\/\/respiart.ca\/ar\/","name":"RespiArt - Apn\u00e9e du sommeil et CPAP","description":"CPAP et tests pour l&#039;apn\u00e9e du sommeil, l&#039;asthme, l&#039;oxym\u00e9trie","publisher":{"@id":"https:\/\/respiart.ca\/ar\/#organization"},"potentialAction":[{"@type":"SearchAction","target":{"@type":"EntryPoint","urlTemplate":"https:\/\/respiart.ca\/ar\/?s={search_term_string}"},"query-input":{"@type":"PropertyValueSpecification","valueRequired":true,"valueName":"search_term_string"}}],"inLanguage":"fr-CA"},{"@type":"Organization","@id":"https:\/\/respiart.ca\/ar\/#organization","name":"RespiArt - Apn\u00e9e du sommeil et CPAP","url":"https:\/\/respiart.ca\/ar\/","logo":{"@type":"ImageObject","inLanguage":"fr-CA","@id":"https:\/\/respiart.ca\/ar\/#\/schema\/logo\/image\/","url":"https:\/\/respiart.ca\/wp-content\/uploads\/2022\/05\/Respiart-logo-1-e1651540192142.png","contentUrl":"https:\/\/respiart.ca\/wp-content\/uploads\/2022\/05\/Respiart-logo-1-e1651540192142.png","width":237,"height":61,"caption":"RespiArt - Sleep apnea & CPAPs"},"image":{"@id":"https:\/\/respiart.ca\/ar\/#\/schema\/logo\/image\/"}},{"@type":"Person","@id":"https:\/\/respiart.ca\/ar\/#\/schema\/person\/2671f4962b6925d283f5a03f490e5f11","name":"RespiArt","image":{"@type":"ImageObject","inLanguage":"fr-CA","@id":"https:\/\/secure.gravatar.com\/avatar\/057228a1ad8018d1e8c9b9d9f79bb696bd2483d7336e3181368f31e3588d9653?s=96&d=mm&r=g","url":"https:\/\/secure.gravatar.com\/avatar\/057228a1ad8018d1e8c9b9d9f79bb696bd2483d7336e3181368f31e3588d9653?s=96&d=mm&r=g","contentUrl":"https:\/\/secure.gravatar.com\/avatar\/057228a1ad8018d1e8c9b9d9f79bb696bd2483d7336e3181368f31e3588d9653?s=96&d=mm&r=g","caption":"RespiArt"},"sameAs":["http:\/\/respiart.ca"],"url":"https:\/\/respiart.ca\/fr\/author\/jean2020\/"}]}},"_links":{"self":[{"href":"https:\/\/respiart.ca\/fr\/wp-json\/wp\/v2\/posts\/6346","targetHints":{"allow":["GET"]}}],"collection":[{"href":"https:\/\/respiart.ca\/fr\/wp-json\/wp\/v2\/posts"}],"about":[{"href":"https:\/\/respiart.ca\/fr\/wp-json\/wp\/v2\/types\/post"}],"author":[{"embeddable":true,"href":"https:\/\/respiart.ca\/fr\/wp-json\/wp\/v2\/users\/1"}],"replies":[{"embeddable":true,"href":"https:\/\/respiart.ca\/fr\/wp-json\/wp\/v2\/comments?post=6346"}],"version-history":[{"count":2,"href":"https:\/\/respiart.ca\/fr\/wp-json\/wp\/v2\/posts\/6346\/revisions"}],"predecessor-version":[{"id":6361,"href":"https:\/\/respiart.ca\/fr\/wp-json\/wp\/v2\/posts\/6346\/revisions\/6361"}],"wp:featuredmedia":[{"embeddable":true,"href":"https:\/\/respiart.ca\/fr\/wp-json\/wp\/v2\/media\/4404"}],"wp:attachment":[{"href":"https:\/\/respiart.ca\/fr\/wp-json\/wp\/v2\/media?parent=6346"}],"wp:term":[{"taxonomy":"category","embeddable":true,"href":"https:\/\/respiart.ca\/fr\/wp-json\/wp\/v2\/categories?post=6346"},{"taxonomy":"post_tag","embeddable":true,"href":"https:\/\/respiart.ca\/fr\/wp-json\/wp\/v2\/tags?post=6346"}],"curies":[{"name":"wp","href":"https:\/\/api.w.org\/{rel}","templated":true}]}}